{"id":234,"date":"2014-07-04T14:57:30","date_gmt":"2014-07-04T12:57:30","guid":{"rendered":"http:\/\/www.ruandahilfe.de\/?p=234"},"modified":"2014-09-10T19:09:04","modified_gmt":"2014-09-10T17:09:04","slug":"warenprasentation-bei-geburtstagsfeier","status":"publish","type":"post","link":"http:\/\/www.ruandahilfe.de\/?p=234","title":{"rendered":"Warenpr\u00e4sentation bei Geburtstagsfeier"},"content":{"rendered":"<p><a href=\"http:\/\/www.ruandahilfe.de\/wp-content\/uploads\/2014\/07\/DSC07096.jpg\"><img loading=\"lazy\" class=\"alignleft size-medium wp-image-259\" alt=\"Solveigs Geburtstag\" src=\"http:\/\/www.ruandahilfe.de\/wp-content\/uploads\/2014\/07\/DSC07096-300x199.jpg\" width=\"300\" height=\"199\" srcset=\"http:\/\/www.ruandahilfe.de\/wp-content\/uploads\/2014\/07\/DSC07096-300x199.jpg 300w, http:\/\/www.ruandahilfe.de\/wp-content\/uploads\/2014\/07\/DSC07096-1024x680.jpg 1024w\" sizes=\"(max-width: 300px) 100vw, 300px\" \/><\/a>Immer neue Ideen entwickeln sich zum Verkauf der kunterbunten Produkte unseres Schneiderkollektivs f\u00fcr Waisenm\u00e4dchen. So gab es im Juli ein sonniges Hof-Geburtstagsfest inklusive WM Public Viewing von Vereins-Unterst\u00fctzerin Solveig Michelsen, bei dem auch Ruandawaren ausgestellt und verkauft wurden. Vielen Dank!<\/p>\n","protected":false},"excerpt":{"rendered":"<p>Immer neue Ideen entwickeln sich zum Verkauf der kunterbunten Produkte unseres Schneiderkollektivs f\u00fcr Waisenm\u00e4dchen. So gab es im Juli ein sonniges Hof-Geburtstagsfest inklusive WM Public Viewing von Vereins-Unterst\u00fctzerin Solveig Michelsen, bei dem auch Ruandawaren ausgestellt und verkauft wurden. Vielen Dank!<\/p>\n","protected":false},"author":1,"featured_media":0,"comment_status":"closed","ping_status":"closed","sticky":false,"template":"","format":"standard","meta":[],"categories":[5],"tags":[],"_links":{"self":[{"href":"http:\/\/www.ruandahilfe.de\/index.php?rest_route=\/wp\/v2\/posts\/234"}],"collection":[{"href":"http:\/\/www.ruandahilfe.de\/index.php?rest_route=\/wp\/v2\/posts"}],"about":[{"href":"http:\/\/www.ruandahilfe.de\/index.php?rest_route=\/wp\/v2\/types\/post"}],"author":[{"embeddable":true,"href":"http:\/\/www.ruandahilfe.de\/index.php?rest_route=\/wp\/v2\/users\/1"}],"replies":[{"embeddable":true,"href":"http:\/\/www.ruandahilfe.de\/index.php?rest_route=%2Fwp%2Fv2%2Fcomments&post=234"}],"version-history":[{"count":6,"href":"http:\/\/www.ruandahilfe.de\/index.php?rest_route=\/wp\/v2\/posts\/234\/revisions"}],"predecessor-version":[{"id":262,"href":"http:\/\/www.ruandahilfe.de\/index.php?rest_route=\/wp\/v2\/posts\/234\/revisions\/262"}],"wp:attachment":[{"href":"http:\/\/www.ruandahilfe.de\/index.php?rest_route=%2Fwp%2Fv2%2Fmedia&parent=234"}],"wp:term":[{"taxonomy":"category","embeddable":true,"href":"http:\/\/www.ruandahilfe.de\/index.php?rest_route=%2Fwp%2Fv2%2Fcategories&post=234"},{"taxonomy":"post_tag","embeddable":true,"href":"http:\/\/www.ruandahilfe.de\/index.php?rest_route=%2Fwp%2Fv2%2Ftags&post=234"}],"curies":[{"name":"wp","href":"https:\/\/api.w.org\/{rel}","templated":true}]}}