{"id":365,"date":"2016-11-22T17:06:55","date_gmt":"2016-11-22T15:06:55","guid":{"rendered":"http:\/\/www.ruandahilfe.de\/?p=365"},"modified":"2016-11-22T17:06:55","modified_gmt":"2016-11-22T15:06:55","slug":"3-12-16-wieder-beim-adventsmarkt-in-zuffenhausen","status":"publish","type":"post","link":"http:\/\/www.ruandahilfe.de\/?p=365","title":{"rendered":"3.12.16 Wieder beim Adventsmarkt in Zuffenhausen"},"content":{"rendered":"<p><img loading=\"lazy\" class=\"size-medium wp-image-366 alignleft\" src=\"http:\/\/www.ruandahilfe.de\/wp-content\/uploads\/2016\/11\/Adventsmarkt_2016_500_x_700_Pixel-212x300.jpg\" alt=\"Adventsmarkt Zuffenhausen 2016\" width=\"212\" height=\"300\" srcset=\"http:\/\/www.ruandahilfe.de\/wp-content\/uploads\/2016\/11\/Adventsmarkt_2016_500_x_700_Pixel-212x300.jpg 212w, http:\/\/www.ruandahilfe.de\/wp-content\/uploads\/2016\/11\/Adventsmarkt_2016_500_x_700_Pixel.jpg 500w\" sizes=\"(max-width: 212px) 100vw, 212px\" \/>Am 3.12.2016 \u00a0werden wir mit den bunten Produkten aus unserem Projekt &#8222;Schneiderlehre f\u00fcr Waisenm\u00e4dchen&#8220; wieder beim Adventsmarkt in Zuffenhausen bei Stuttgart pr\u00e4sent sein. Wir freuen uns darauf! Weitere Infos <a href=\"http:\/\/www.gemeinde.zuffenhausen.elk-wue.de\/themen-und-berichte\/adventsmarkt\/\" target=\"_blank\">hier<\/a><\/p>\n","protected":false},"excerpt":{"rendered":"<p>Am 3.12.2016 \u00a0werden wir mit den bunten Produkten aus unserem Projekt &#8222;Schneiderlehre f\u00fcr Waisenm\u00e4dchen&#8220; wieder beim Adventsmarkt in Zuffenhausen bei Stuttgart pr\u00e4sent sein. Wir freuen uns darauf! Weitere Infos hier<\/p>\n","protected":false},"author":1,"featured_media":0,"comment_status":"closed","ping_status":"closed","sticky":false,"template":"","format":"standard","meta":[],"categories":[1],"tags":[],"_links":{"self":[{"href":"http:\/\/www.ruandahilfe.de\/index.php?rest_route=\/wp\/v2\/posts\/365"}],"collection":[{"href":"http:\/\/www.ruandahilfe.de\/index.php?rest_route=\/wp\/v2\/posts"}],"about":[{"href":"http:\/\/www.ruandahilfe.de\/index.php?rest_route=\/wp\/v2\/types\/post"}],"author":[{"embeddable":true,"href":"http:\/\/www.ruandahilfe.de\/index.php?rest_route=\/wp\/v2\/users\/1"}],"replies":[{"embeddable":true,"href":"http:\/\/www.ruandahilfe.de\/index.php?rest_route=%2Fwp%2Fv2%2Fcomments&post=365"}],"version-history":[{"count":3,"href":"http:\/\/www.ruandahilfe.de\/index.php?rest_route=\/wp\/v2\/posts\/365\/revisions"}],"predecessor-version":[{"id":369,"href":"http:\/\/www.ruandahilfe.de\/index.php?rest_route=\/wp\/v2\/posts\/365\/revisions\/369"}],"wp:attachment":[{"href":"http:\/\/www.ruandahilfe.de\/index.php?rest_route=%2Fwp%2Fv2%2Fmedia&parent=365"}],"wp:term":[{"taxonomy":"category","embeddable":true,"href":"http:\/\/www.ruandahilfe.de\/index.php?rest_route=%2Fwp%2Fv2%2Fcategories&post=365"},{"taxonomy":"post_tag","embeddable":true,"href":"http:\/\/www.ruandahilfe.de\/index.php?rest_route=%2Fwp%2Fv2%2Ftags&post=365"}],"curies":[{"name":"wp","href":"https:\/\/api.w.org\/{rel}","templated":true}]}}