{"id":494,"date":"2019-11-27T10:38:51","date_gmt":"2019-11-27T08:38:51","guid":{"rendered":"http:\/\/www.ruandahilfe.de\/?p=494"},"modified":"2020-09-14T15:11:01","modified_gmt":"2020-09-14T13:11:01","slug":"ruandahilfe-erstmals-beim-basar-der-kulturen","status":"publish","type":"post","link":"http:\/\/www.ruandahilfe.de\/?p=494","title":{"rendered":"Ruandahilfe erstmals beim Basar der Kulturen"},"content":{"rendered":"<div id=\"attachment_519\" style=\"width: 310px\" class=\"wp-caption alignleft\"><a href=\"http:\/\/www.ruandahilfe.de\/wp-content\/uploads\/2019\/11\/DSC03512.jpg\"><img aria-describedby=\"caption-attachment-519\" loading=\"lazy\" class=\"size-medium wp-image-519\" src=\"http:\/\/www.ruandahilfe.de\/wp-content\/uploads\/2019\/11\/DSC03512-300x199.jpg\" alt=\"Stand von Ruandahilfe e.V. beim Basar der Kulturen in M\u00fcnchen\" width=\"300\" height=\"199\" srcset=\"http:\/\/www.ruandahilfe.de\/wp-content\/uploads\/2019\/11\/DSC03512-300x199.jpg 300w, http:\/\/www.ruandahilfe.de\/wp-content\/uploads\/2019\/11\/DSC03512-1024x680.jpg 1024w\" sizes=\"(max-width: 300px) 100vw, 300px\" \/><\/a><p id=\"caption-attachment-519\" class=\"wp-caption-text\">Ruandahilfe e.V. beim Basar der Kulturen in M\u00fcnchen<\/p><\/div>\n<p>Am Samstag, 30. Dezember 2019, war\u00a0Ruandahilfe e.V. erstmals mit einem Stand beim <a href=\"https:\/\/www.einewelthaus.de\/events\/basar-der-kulturen-6\/\" target=\"_blank\">Basar der Kulturen<\/a> im\u00a0<a href=\"https:\/\/www.einewelthaus.de\" target=\"_blank\">EineWeltHaus M\u00fcnchen<\/a> (Schwanthalerstr. 80, 80336 M\u00fcnchen) pr\u00e4sent. Noch eine Vielzahl weiterer spannender, internationaler Gruppen war\u00a0vor Ort, etwa:\u00a0FIAN, Marie-Schlei Verein, Fest der Einheit, Gesellschaft f\u00fcr bedrohte V\u00f6lker,\u00a0Menschen f\u00fcr Menschen, Freunde der Mongolei, Portugal Delphina, Initiative Lateinamerika Arte &amp; Kultur, KultEurasia oder\u00a0Farhang afghanischer Kultur- und Bildungsverein.<\/p>\n<p>Au\u00dferdem gab\u00a0es ein reichhaltiges B\u00fchnenprogramm mit dem\u00a0Chor der f\u00fcnf Kontinente, der\u00a0Initiative uighurischer Frauen und\u00a0Heil- und Sufimusik von\u00a0T\u00fcmata. N\u00e4here Infos <a href=\"https:\/\/www.einewelthaus.de\/events\/basar-der-kulturen-6\/\" target=\"_blank\">hier<\/a>.<\/p>\n","protected":false},"excerpt":{"rendered":"<p>Am Samstag, 30. Dezember 2019, war\u00a0Ruandahilfe e.V. erstmals mit einem Stand beim Basar der Kulturen im\u00a0EineWeltHaus M\u00fcnchen (Schwanthalerstr. 80, 80336 M\u00fcnchen) pr\u00e4sent. Noch eine Vielzahl weiterer spannender, internationaler Gruppen war\u00a0vor Ort, etwa:\u00a0FIAN, Marie-Schlei Verein, Fest der Einheit, Gesellschaft f\u00fcr bedrohte &hellip; <a href=\"http:\/\/www.ruandahilfe.de\/?p=494\">Weiterlesen <span class=\"meta-nav\">&rarr;<\/span><\/a><\/p>\n","protected":false},"author":1,"featured_media":0,"comment_status":"closed","ping_status":"closed","sticky":false,"template":"","format":"standard","meta":[],"categories":[5],"tags":[],"_links":{"self":[{"href":"http:\/\/www.ruandahilfe.de\/index.php?rest_route=\/wp\/v2\/posts\/494"}],"collection":[{"href":"http:\/\/www.ruandahilfe.de\/index.php?rest_route=\/wp\/v2\/posts"}],"about":[{"href":"http:\/\/www.ruandahilfe.de\/index.php?rest_route=\/wp\/v2\/types\/post"}],"author":[{"embeddable":true,"href":"http:\/\/www.ruandahilfe.de\/index.php?rest_route=\/wp\/v2\/users\/1"}],"replies":[{"embeddable":true,"href":"http:\/\/www.ruandahilfe.de\/index.php?rest_route=%2Fwp%2Fv2%2Fcomments&post=494"}],"version-history":[{"count":3,"href":"http:\/\/www.ruandahilfe.de\/index.php?rest_route=\/wp\/v2\/posts\/494\/revisions"}],"predecessor-version":[{"id":520,"href":"http:\/\/www.ruandahilfe.de\/index.php?rest_route=\/wp\/v2\/posts\/494\/revisions\/520"}],"wp:attachment":[{"href":"http:\/\/www.ruandahilfe.de\/index.php?rest_route=%2Fwp%2Fv2%2Fmedia&parent=494"}],"wp:term":[{"taxonomy":"category","embeddable":true,"href":"http:\/\/www.ruandahilfe.de\/index.php?rest_route=%2Fwp%2Fv2%2Fcategories&post=494"},{"taxonomy":"post_tag","embeddable":true,"href":"http:\/\/www.ruandahilfe.de\/index.php?rest_route=%2Fwp%2Fv2%2Ftags&post=494"}],"curies":[{"name":"wp","href":"https:\/\/api.w.org\/{rel}","templated":true}]}}